{"id":1010,"date":"2011-03-09T18:11:06","date_gmt":"2011-03-10T00:11:06","guid":{"rendered":"http:\/\/montezumainfo.net\/?p=1010"},"modified":"2011-03-13T14:52:03","modified_gmt":"2011-03-13T20:52:03","slug":"montezuma-recicla-%c2%a1todo-un-exito","status":"publish","type":"post","link":"http:\/\/montezumainfo.net\/es\/montezuma-recicla-%c2%a1todo-un-exito\/","title":{"rendered":"Montezuma Recicla: \u00a1Todo un \u00e9xito!"},"content":{"rendered":"<p id=\"top\" \/>\u00a1\u00a1\u00a1Todo un \u00e9xito!!!<\/p>\n<p>En nombre de la C\u00e1mara de Turismo de Montezuma quisieramos agradecer enormemente a todas las personas que participaron y permitieron con su esfuerzo y colaboraci\u00f3n que este proyecto se hiciera posible.\u00a0 En especial agradecemos a El Sano Banano por su donacion de comida, a Amor de Mar por cedernos el lugar y la donaci\u00f3n de alimentos, a Cocolores, Org\u00e1nico, Roberto Acevedo, Tiani Gatti, a Hodges por sus dise\u00f1os, a la Panaderia Mamma Maria, a Pipasa por su donacion de embutidos, a L&#8217;Angolo Allegro, Astrid Schultze, Romano, a Jairo, a Lenin y todos los voluntarios, Christina Sherman y Jorge &#8216;Empanada&#8217; por darnos una mano en la mesa de ventas, a Madeleine, Tad y Jana, Marlen Delgado, Tairona, Jairo Solano y Teresa Cerdas.<\/p>\n<p>\u00a1Gracias a los musicos y artistas! A Macana, a Cristiano Bonfigli, a la Orquesta Sinem-Montezuma, a Toli, Chisco, Cecilia, Jorge Roseman, a Eli, Geoff McCabe, Joseph, a Ninoska Gomez, a Irene y Gabriel, Barbara, por tan hermosos performances y buena musica!<\/p>\n<p>Gracias a los participantes del fabuloso partido &#8216;Ticos Vs El Resto del Mundo&#8217; y nuestras felicitaciones a los ganadores: \u00a1Los Ticos!<\/p>\n<p>Gracias a Mario, Macho y a todos aquellos involucrados en la tarea diaria de recolectar y empacar los reciclables.<\/p>\n<p><img decoding=\"async\" class=\"aligncenter size-full wp-image-1012\" title=\"cristiano550px\" src=\"http:\/\/montezumainfo.net\/wp-content\/uploads\/2011\/03\/cristiano550px.jpg\" alt=\"cristiano550px\" \/><\/p>\n<p>Nuestro primer Festival del Reciclaje, del que efectivamente aprendimos mucho y ganamos experiencia para proximos y MEJORES festivales y fiestas. \u00a1Muchas gracias a toda la comunidad montezume\u00f1a por asistir y acompa\u00f1arnos en este dia lleno de arte, musica y sabor!<\/p>\n<p>Gracias a todas las personas que nos apoyaron y que en este momento se nos escapan mencionar.<\/p>\n<p>Aprovechamos la oportunidad para invitarles a asistir a las reuniones de CaTuMo, donde con mucho gusto recibiremos sugerencias e ideas para mejorar y hacer crecer este hermoso lugar.<\/p>\n<p>\u00a1\u00a1\u00a1Puro Reciclaje y Pura Vida!!!<\/p>\n<p><a href=\"http:\/\/www.facebook.com\/pages\/Montezuma-Recicla-Montezuma-Recycles\/132212710176407\" target=\"_blank\">Favor hacer click aqu\u00ed para visitar la p\u00e1gina de \u201cMontezuma Recicla\u201d en Facebook.<\/a><\/p>","protected":false},"excerpt":{"rendered":"<p>\u00a1\u00a1\u00a1Todo un \u00e9xito!!! En nombre de la C\u00e1mara de Turismo de Montezuma quisieramos agradecer enormemente a todas las personas que participaron y permitieron con su esfuerzo y colaboraci\u00f3n que este proyecto se hiciera posible.\u00a0 En especial agradecemos a El Sano Banano por su donacion de comida, a Amor de Mar por cedernos el lugar y [&hellip;]<\/p>\n","protected":false},"author":30,"featured_media":0,"comment_status":"closed","ping_status":"open","sticky":false,"template":"","format":"standard","meta":{"footnotes":""},"categories":[6],"tags":[],"class_list":["post-1010","post","type-post","status-publish","format-standard","hentry","category-noticias"],"aioseo_notices":[],"_links":{"self":[{"href":"http:\/\/montezumainfo.net\/es\/wp-json\/wp\/v2\/posts\/1010","targetHints":{"allow":["GET"]}}],"collection":[{"href":"http:\/\/montezumainfo.net\/es\/wp-json\/wp\/v2\/posts"}],"about":[{"href":"http:\/\/montezumainfo.net\/es\/wp-json\/wp\/v2\/types\/post"}],"author":[{"embeddable":true,"href":"http:\/\/montezumainfo.net\/es\/wp-json\/wp\/v2\/users\/30"}],"replies":[{"embeddable":true,"href":"http:\/\/montezumainfo.net\/es\/wp-json\/wp\/v2\/comments?post=1010"}],"version-history":[{"count":8,"href":"http:\/\/montezumainfo.net\/es\/wp-json\/wp\/v2\/posts\/1010\/revisions"}],"predecessor-version":[{"id":1015,"href":"http:\/\/montezumainfo.net\/es\/wp-json\/wp\/v2\/posts\/1010\/revisions\/1015"}],"wp:attachment":[{"href":"http:\/\/montezumainfo.net\/es\/wp-json\/wp\/v2\/media?parent=1010"}],"wp:term":[{"taxonomy":"category","embeddable":true,"href":"http:\/\/montezumainfo.net\/es\/wp-json\/wp\/v2\/categories?post=1010"},{"taxonomy":"post_tag","embeddable":true,"href":"http:\/\/montezumainfo.net\/es\/wp-json\/wp\/v2\/tags?post=1010"}],"curies":[{"name":"wp","href":"https:\/\/api.w.org\/{rel}","templated":true}]}}