{"id":1108,"date":"2011-04-03T07:37:36","date_gmt":"2011-04-03T13:37:36","guid":{"rendered":"http:\/\/montezumainfo.net\/?p=1108"},"modified":"2012-10-30T17:02:12","modified_gmt":"2012-10-30T23:02:12","slug":"informacion-sobre-trabajos-en-la-cuesta-de-montezuma","status":"publish","type":"post","link":"http:\/\/montezumainfo.net\/es\/informacion-sobre-trabajos-en-la-cuesta-de-montezuma\/","title":{"rendered":"Informaci\u00f3n sobre Trabajos en la Cuesta de Montezuma"},"content":{"rendered":"<p id=\"top\" \/>El pasado mi\u00e9rcoles 30 de marzo se llev\u00f3 a cabo una reuni\u00f3n para tratar el tema de los trabajos a realizar en la ruta 624 C\u00f3bano &#8211; Montezuma. La reuni\u00f3n cont\u00f3 con la participaci\u00f3n del presidente de la Camara de Turismo de Montezuma, Antonio Vallese, el Intendente Municipal Omar Fernandez, el subdirector del CONAVI, Miguel Arroyo, el Gerente de Ventas del Quebrador Manchester de Tambor, Luis Prendas y un vecino de C\u00f3bano. Despu\u00e9s de cuatro horas se finiquit\u00f3 la contrataci\u00f3n directa para la preparaci\u00f3n de la base, sub-base y conformaci\u00f3n de la superficie de ruedo para dicha ruta por un costo aproximado de \u00a2125.000.000,00 y la utilizaci\u00f3n de 7.000 m3 de material.<\/p>\n<p>El paso siguiente es la licitaci\u00f3n por parte de un m\u00e1ximo de tres empresas para luego empezar los trabajos en la ruta en aproximadamente dos meses.<\/p>\n<p>En vista de esto, el presidente de CaTuMo solicit\u00f3 una audiencia al director ejecutivo del CONAVI, Ing. Carlos Eduardo Acosta Monge, para solicitar celeridad en el inicio de los trabajos dado que por las condiciones en que se encuentra la cuesta, es arriesgado esperar tanto tiempo.<\/p>","protected":false},"excerpt":{"rendered":"<p>El pasado mi\u00e9rcoles 30 de marzo se llev\u00f3 a cabo una reuni\u00f3n para tratar el tema de los trabajos a realizar en la ruta 624 C\u00f3bano &#8211; Montezuma. La reuni\u00f3n cont\u00f3 con la participaci\u00f3n del presidente de la Camara de Turismo de Montezuma, Antonio Vallese, el Intendente Municipal Omar Fernandez, el subdirector del CONAVI, Miguel [&hellip;]<\/p>\n","protected":false},"author":30,"featured_media":0,"comment_status":"closed","ping_status":"open","sticky":false,"template":"","format":"standard","meta":{"footnotes":""},"categories":[6],"tags":[],"class_list":["post-1108","post","type-post","status-publish","format-standard","hentry","category-noticias"],"aioseo_notices":[],"_links":{"self":[{"href":"http:\/\/montezumainfo.net\/es\/wp-json\/wp\/v2\/posts\/1108","targetHints":{"allow":["GET"]}}],"collection":[{"href":"http:\/\/montezumainfo.net\/es\/wp-json\/wp\/v2\/posts"}],"about":[{"href":"http:\/\/montezumainfo.net\/es\/wp-json\/wp\/v2\/types\/post"}],"author":[{"embeddable":true,"href":"http:\/\/montezumainfo.net\/es\/wp-json\/wp\/v2\/users\/30"}],"replies":[{"embeddable":true,"href":"http:\/\/montezumainfo.net\/es\/wp-json\/wp\/v2\/comments?post=1108"}],"version-history":[{"count":12,"href":"http:\/\/montezumainfo.net\/es\/wp-json\/wp\/v2\/posts\/1108\/revisions"}],"predecessor-version":[{"id":1352,"href":"http:\/\/montezumainfo.net\/es\/wp-json\/wp\/v2\/posts\/1108\/revisions\/1352"}],"wp:attachment":[{"href":"http:\/\/montezumainfo.net\/es\/wp-json\/wp\/v2\/media?parent=1108"}],"wp:term":[{"taxonomy":"category","embeddable":true,"href":"http:\/\/montezumainfo.net\/es\/wp-json\/wp\/v2\/categories?post=1108"},{"taxonomy":"post_tag","embeddable":true,"href":"http:\/\/montezumainfo.net\/es\/wp-json\/wp\/v2\/tags?post=1108"}],"curies":[{"name":"wp","href":"https:\/\/api.w.org\/{rel}","templated":true}]}}