{"id":1267,"date":"2012-09-04T12:39:07","date_gmt":"2012-09-04T18:39:07","guid":{"rendered":"http:\/\/montezumainfo.net\/?p=1267"},"modified":"2012-09-04T14:09:29","modified_gmt":"2012-09-04T20:09:29","slug":"taller-ict-en-montezuma","status":"publish","type":"post","link":"http:\/\/montezumainfo.net\/es\/taller-ict-en-montezuma\/","title":{"rendered":"Taller ICT en Montezuma"},"content":{"rendered":"<p id=\"top\" \/>Buenas tardes estimados amigos,<\/p>\n<p>Espero se encuentren bien. Quisiera invitarles a participar del <em><strong>Taller de C\u00f3digo de Conducta en contra de la explotaci\u00f3n sexual de ni\u00f1os y adolescentes<\/strong><\/em>, que se realizar\u00e1 coordinadamente con las <strong>C\u00e1maras de turismo de Santa teresa y Montezuma<\/strong>, dicho taller se llevar\u00e1 a cabo el d\u00eda <strong>12 de setiembre<\/strong> en Hotel Luz de Mono en <strong>Montezuma<\/strong>; esta capacitaci\u00f3n es muy importante para el sector turismo y es requisito para la obtenci\u00f3n del Certificado de Sostenibilidad Tur\u00edstica (CST) por tanto queremos invitarles a participar activamente e invitar a sus contactos.<\/p>\n<p>Les adjunto informaci\u00f3n con la invitaci\u00f3n<\/p>\n<p>Saludos cordiales,<\/p>\n<p>Laura \u00c1lvarez C\u00f3rdoba<br \/>\nOficina Regional Puntarenas<br \/>\nInstituto Costarricense de Turismo<br \/>\nTelefax: 2661-0337<br \/>\nwww.visitecostarica.com<br \/>\nlalvarez@ict.go.cr<\/p>\n<hr \/>\n<p>Estimados empresarios tur\u00edsticos:<\/p>\n<p>Reciban un saludo por parte del ICT.<br \/>\nEl Dpto. de Sostenibilidad Tur\u00edstica y la Oficina Regional de Puntarenas tienen el agrado de invitarlos a participar de la capacitaci\u00f3n para la adhesi\u00f3n al C\u00f3digo de Conducta Contra la Explotaci\u00f3n de Ni\u00f1os, Ni\u00f1as y Adolescentes Asociada a Viajes y Turismo.\u00a0\u00a0 <\/p>\n<p>Esta capacitaci\u00f3n es el primer requisito dentro del proceso para la suscripci\u00f3n del C\u00f3digo de Conducta, y es requisito para la obtenci\u00f3n del Certificado de Sostenibilidad Tur\u00edstica (CST) por lo tanto est\u00e1 orientada a aquellas empresas que todav\u00eda no cuenta con la adhesi\u00f3n, las que podr\u00e1n enviar a 2 representantes de la misma, que podr\u00e1n luego replicar la capacitaci\u00f3n al resto de sus colaboradores. Adjunto s\u00edrvase encontrar la invitaci\u00f3n con los detalles.<\/p>\n<p>Si desea m\u00e1s informaci\u00f3n puede llamar al 2661-0337 con Maricel Guevara <\/p>\n<p>Para confirmaci\u00f3n de asistencia, s\u00edrvase responder a este correo, de ser posible con el nombre de las 2 personas designadas.<\/p>\n<p>Atte.<br \/>\n\u00a0<br \/>\nMaricel Guevara- Laura \u00c1lvarez C\u00f3rdoba- Mauricio Mora Morales<br \/>\nOficina Regional de Puntarenas, Monteverde e Islas<br \/>\n\u00a0<br \/>\nQue tengan un lindo d\u00eda.<\/p>\n<p><img loading=\"lazy\" decoding=\"async\" src=\"http:\/\/montezumainfo.net\/wp-content\/uploads\/2012\/09\/invitation-es.jpg\" alt=\"Invitacion Taller ICT\" title=\"Invitacion Taller ICT\" width=\"569\" height=\"427\" class=\"aligncenter size-full wp-image-1261\" srcset=\"http:\/\/montezumainfo.net\/wp-content\/uploads\/2012\/09\/invitation-es.jpg 569w, http:\/\/montezumainfo.net\/wp-content\/uploads\/2012\/09\/invitation-es-300x225.jpg 300w\" sizes=\"auto, (max-width: 569px) 100vw, 569px\" \/><\/p>","protected":false},"excerpt":{"rendered":"<p>Buenas tardes estimados amigos, Espero se encuentren bien. Quisiera invitarles a participar del Taller de C\u00f3digo de Conducta en contra de la explotaci\u00f3n sexual de ni\u00f1os y adolescentes, que se realizar\u00e1 coordinadamente con las C\u00e1maras de turismo de Santa teresa y Montezuma, dicho taller se llevar\u00e1 a cabo el d\u00eda 12 de setiembre en Hotel [&hellip;]<\/p>\n","protected":false},"author":30,"featured_media":0,"comment_status":"open","ping_status":"open","sticky":false,"template":"","format":"standard","meta":{"footnotes":""},"categories":[4],"tags":[],"class_list":["post-1267","post","type-post","status-publish","format-standard","hentry","category-eventos"],"aioseo_notices":[],"_links":{"self":[{"href":"http:\/\/montezumainfo.net\/es\/wp-json\/wp\/v2\/posts\/1267","targetHints":{"allow":["GET"]}}],"collection":[{"href":"http:\/\/montezumainfo.net\/es\/wp-json\/wp\/v2\/posts"}],"about":[{"href":"http:\/\/montezumainfo.net\/es\/wp-json\/wp\/v2\/types\/post"}],"author":[{"embeddable":true,"href":"http:\/\/montezumainfo.net\/es\/wp-json\/wp\/v2\/users\/30"}],"replies":[{"embeddable":true,"href":"http:\/\/montezumainfo.net\/es\/wp-json\/wp\/v2\/comments?post=1267"}],"version-history":[{"count":6,"href":"http:\/\/montezumainfo.net\/es\/wp-json\/wp\/v2\/posts\/1267\/revisions"}],"predecessor-version":[{"id":1276,"href":"http:\/\/montezumainfo.net\/es\/wp-json\/wp\/v2\/posts\/1267\/revisions\/1276"}],"wp:attachment":[{"href":"http:\/\/montezumainfo.net\/es\/wp-json\/wp\/v2\/media?parent=1267"}],"wp:term":[{"taxonomy":"category","embeddable":true,"href":"http:\/\/montezumainfo.net\/es\/wp-json\/wp\/v2\/categories?post=1267"},{"taxonomy":"post_tag","embeddable":true,"href":"http:\/\/montezumainfo.net\/es\/wp-json\/wp\/v2\/tags?post=1267"}],"curies":[{"name":"wp","href":"https:\/\/api.w.org\/{rel}","templated":true}]}}