{"id":1547,"date":"2013-09-02T08:33:38","date_gmt":"2013-09-02T14:33:38","guid":{"rendered":"http:\/\/montezumainfo.net\/?p=1547"},"modified":"2013-09-02T08:36:03","modified_gmt":"2013-09-02T14:36:03","slug":"los-invitamos-a-la-inauguracion-del-sendero-el-sueno-verde","status":"publish","type":"post","link":"http:\/\/montezumainfo.net\/es\/los-invitamos-a-la-inauguracion-del-sendero-el-sueno-verde\/","title":{"rendered":"Los invitamos a la inauguraci\u00f3n del Sendero&nbsp;El&nbsp;Sue\u00f1o&nbsp;Verde"},"content":{"rendered":"<p id=\"top\" \/>Haga clic para descargar invitaci\u00f3n en formato de PDF:\u00a0<a href=\"http:\/\/montezumainfo.net\/wp-content\/uploads\/2013\/09\/Inauguraci\u00f3n-r\u00f3tulos-del-Sendero-Verde.pdf\">Inauguraci\u00f3n r\u00f3tulos del Sendero Verde<\/a><\/p>\n<p><a href=\"http:\/\/montezumainfo.net\/wp-content\/uploads\/2013\/09\/Inauguracion-rotulos-del-Sendero-Verde.jpg\"><img loading=\"lazy\" decoding=\"async\" class=\"alignnone  wp-image-1549 aligncenter\" alt=\"Invitaci\u00f3n a Inauguraci\u00f3n del Sendero El Sue\u00f1o Verde\" src=\"http:\/\/montezumainfo.net\/wp-content\/uploads\/2013\/09\/Inauguracion-rotulos-del-Sendero-Verde-1024x768.jpg\" width=\"614\" height=\"461\" srcset=\"http:\/\/montezumainfo.net\/wp-content\/uploads\/2013\/09\/Inauguracion-rotulos-del-Sendero-Verde-1024x768.jpg 1024w, http:\/\/montezumainfo.net\/wp-content\/uploads\/2013\/09\/Inauguracion-rotulos-del-Sendero-Verde-300x225.jpg 300w, http:\/\/montezumainfo.net\/wp-content\/uploads\/2013\/09\/Inauguracion-rotulos-del-Sendero-Verde.jpg 1200w\" sizes=\"auto, (max-width: 614px) 100vw, 614px\" \/><\/a><\/p>","protected":false},"excerpt":{"rendered":"<p>Haga clic para descargar invitaci\u00f3n en formato de PDF:\u00a0Inauguraci\u00f3n r\u00f3tulos del Sendero Verde<\/p>\n","protected":false},"author":30,"featured_media":0,"comment_status":"closed","ping_status":"open","sticky":false,"template":"","format":"standard","meta":{"footnotes":""},"categories":[6],"tags":[],"class_list":["post-1547","post","type-post","status-publish","format-standard","hentry","category-noticias"],"aioseo_notices":[],"_links":{"self":[{"href":"http:\/\/montezumainfo.net\/es\/wp-json\/wp\/v2\/posts\/1547","targetHints":{"allow":["GET"]}}],"collection":[{"href":"http:\/\/montezumainfo.net\/es\/wp-json\/wp\/v2\/posts"}],"about":[{"href":"http:\/\/montezumainfo.net\/es\/wp-json\/wp\/v2\/types\/post"}],"author":[{"embeddable":true,"href":"http:\/\/montezumainfo.net\/es\/wp-json\/wp\/v2\/users\/30"}],"replies":[{"embeddable":true,"href":"http:\/\/montezumainfo.net\/es\/wp-json\/wp\/v2\/comments?post=1547"}],"version-history":[{"count":3,"href":"http:\/\/montezumainfo.net\/es\/wp-json\/wp\/v2\/posts\/1547\/revisions"}],"predecessor-version":[{"id":1552,"href":"http:\/\/montezumainfo.net\/es\/wp-json\/wp\/v2\/posts\/1547\/revisions\/1552"}],"wp:attachment":[{"href":"http:\/\/montezumainfo.net\/es\/wp-json\/wp\/v2\/media?parent=1547"}],"wp:term":[{"taxonomy":"category","embeddable":true,"href":"http:\/\/montezumainfo.net\/es\/wp-json\/wp\/v2\/categories?post=1547"},{"taxonomy":"post_tag","embeddable":true,"href":"http:\/\/montezumainfo.net\/es\/wp-json\/wp\/v2\/tags?post=1547"}],"curies":[{"name":"wp","href":"https:\/\/api.w.org\/{rel}","templated":true}]}}