{"id":1553,"date":"2013-09-02T16:11:32","date_gmt":"2013-09-02T22:11:32","guid":{"rendered":"http:\/\/montezumainfo.net\/?p=1553"},"modified":"2014-11-22T13:50:38","modified_gmt":"2014-11-22T19:50:38","slug":"situacion-del-dengue-en-el-distrito-de-cobano","status":"publish","type":"post","link":"http:\/\/montezumainfo.net\/es\/situacion-del-dengue-en-el-distrito-de-cobano\/","title":{"rendered":"Situaci\u00f3n del dengue en el Distrito de C\u00f3bano"},"content":{"rendered":"<p id=\"top\" \/><img loading=\"lazy\" decoding=\"async\" class=\"wp-image-1555 alignright\" alt=\"Incidencia de casos de dengue en C\u00f3bano\" src=\"http:\/\/montezumainfo.net\/wp-content\/uploads\/2013\/09\/incidencia-casos-dengue-cobano.jpg\" width=\"264\" height=\"371\" srcset=\"http:\/\/montezumainfo.net\/wp-content\/uploads\/2013\/09\/incidencia-casos-dengue-cobano.jpg 674w, http:\/\/montezumainfo.net\/wp-content\/uploads\/2013\/09\/incidencia-casos-dengue-cobano-213x300.jpg 213w\" sizes=\"auto, (max-width: 264px) 100vw, 264px\" \/>Actualmente el pa\u00eds enfrenta un aumento significativo del n\u00famero de casos de dengue. Hasta la semana 32 (10 de agosto) se diagnosticaron 26.704 casos en todo el pa\u00eds, con lo que se iguala el total de casos presentados en todo el a\u00f1o 2012.<\/p>\n<p>En lo que va del presente a\u00f1o se han reportado 5 casos de muerte, en Costa Rica, tres de las cuales se han presentado en nuestra Regi\u00f3n Pac\u00edfico Central (Herradura, Orotina y Chomes)<\/p>\n<p>En el distrito de C\u00f3bano, hasta la semana 33 (17 de Agosto) se han diagnosticado 277 casos, lo que representa una incidencia de 36.96 casos por cada 1000 habitantes. De esos 277 casos, 99 se han presentado en las \u00faltimas 4 semanas (del 21 de julio al 17 de agosto). Las comunidades m\u00e1s afectadas son: Santa Teresa (27 casos), Los Mangos (22 casos), C\u00f3bano Centro (10 casos), Mal Pa\u00eds (7 casos), San Isidro (7 casos) Las Parcelas 6 casos) Bello Horizonte (5 casos) La Tranquilidad (4 casos) Otros 11 casos).<\/p>\n<p>Como se muestra en el siguiente gr\u00e1fico, de acuerdo a la experiencia de a\u00f1os anteriores en la Pen\u00ednsula, el n\u00famero de casos por semana ha aumentado a partir de la semana 21 (mediados de mayo) con la llegada de la \u00e9poca lluviosa.<\/p>\n<p style=\"text-align: center;\"><a href=\"http:\/\/montezumainfo.net\/wp-content\/uploads\/2013\/09\/corredor-endemico-dengue.jpg\"><img loading=\"lazy\" decoding=\"async\" class=\"alignnone  wp-image-1557 aligncenter\" alt=\"Corredor end\u00e9mico dengue\" src=\"http:\/\/montezumainfo.net\/wp-content\/uploads\/2013\/09\/corredor-endemico-dengue.jpg\" width=\"496\" height=\"311\" srcset=\"http:\/\/montezumainfo.net\/wp-content\/uploads\/2013\/09\/corredor-endemico-dengue.jpg 886w, http:\/\/montezumainfo.net\/wp-content\/uploads\/2013\/09\/corredor-endemico-dengue-300x188.jpg 300w\" sizes=\"auto, (max-width: 496px) 100vw, 496px\" \/><\/a><\/p>\n<p>En cuanto al sexo, hay una distribuci\u00f3n similar en hombres y mujeres. Los grupos de edad m\u00e1s afectados est\u00e1n entre los 20 y 40 a\u00f1os de edad, es decir, afecta m\u00e1s a la poblaci\u00f3n econ\u00f3micamente activa.<\/p>\n<p style=\"text-align: center;\"><a href=\"http:\/\/montezumainfo.net\/wp-content\/uploads\/2013\/09\/distribucion-casos-cobano.jpg\"><img loading=\"lazy\" decoding=\"async\" class=\"alignnone  wp-image-1558 aligncenter\" alt=\"Distribuci\u00f3n de casos de dengue en C\u00f3bano\" src=\"http:\/\/montezumainfo.net\/wp-content\/uploads\/2013\/09\/distribucion-casos-cobano.jpg\" width=\"343\" height=\"344\" srcset=\"http:\/\/montezumainfo.net\/wp-content\/uploads\/2013\/09\/distribucion-casos-cobano.jpg 894w, http:\/\/montezumainfo.net\/wp-content\/uploads\/2013\/09\/distribucion-casos-cobano-150x150.jpg 150w, http:\/\/montezumainfo.net\/wp-content\/uploads\/2013\/09\/distribucion-casos-cobano-300x300.jpg 300w\" sizes=\"auto, (max-width: 343px) 100vw, 343px\" \/><\/a><\/p>\n<p><a href=\"http:\/\/montezumainfo.net\/wp-content\/uploads\/2013\/09\/BoletinCobano.pdf\" target=\"_blank\"><img loading=\"lazy\" decoding=\"async\" class=\"alignleft size-full wp-image-645\" style=\"margin-right: 12px;\" alt=\"pdf_icon\" src=\"http:\/\/montezumainfo.net\/wp-content\/uploads\/2009\/02\/pdf_icon.gif\" width=\"64\" height=\"64\" \/><\/a><a href=\"http:\/\/montezumainfo.net\/wp-content\/uploads\/2013\/09\/BoletinCobano.pdf\" target=\"_blank\">Haga click aqu\u00ed para descargar<br \/>el reporte en formato de PDF:<br \/>Bolet\u00edn C\u00f3bano Dengue 2013<\/a><\/p>","protected":false},"excerpt":{"rendered":"<p>Actualmente el pa\u00eds enfrenta un aumento significativo del n\u00famero de casos de dengue. Hasta la semana 32 (10 de agosto) se diagnosticaron 26.704 casos en todo el pa\u00eds, con lo que se iguala el total de casos presentados en todo el a\u00f1o 2012. En lo que va del presente a\u00f1o se han reportado 5 casos [&hellip;]<\/p>\n","protected":false},"author":30,"featured_media":0,"comment_status":"closed","ping_status":"open","sticky":false,"template":"","format":"standard","meta":{"footnotes":""},"categories":[6],"tags":[],"class_list":["post-1553","post","type-post","status-publish","format-standard","hentry","category-noticias"],"aioseo_notices":[],"_links":{"self":[{"href":"http:\/\/montezumainfo.net\/es\/wp-json\/wp\/v2\/posts\/1553","targetHints":{"allow":["GET"]}}],"collection":[{"href":"http:\/\/montezumainfo.net\/es\/wp-json\/wp\/v2\/posts"}],"about":[{"href":"http:\/\/montezumainfo.net\/es\/wp-json\/wp\/v2\/types\/post"}],"author":[{"embeddable":true,"href":"http:\/\/montezumainfo.net\/es\/wp-json\/wp\/v2\/users\/30"}],"replies":[{"embeddable":true,"href":"http:\/\/montezumainfo.net\/es\/wp-json\/wp\/v2\/comments?post=1553"}],"version-history":[{"count":10,"href":"http:\/\/montezumainfo.net\/es\/wp-json\/wp\/v2\/posts\/1553\/revisions"}],"predecessor-version":[{"id":1567,"href":"http:\/\/montezumainfo.net\/es\/wp-json\/wp\/v2\/posts\/1553\/revisions\/1567"}],"wp:attachment":[{"href":"http:\/\/montezumainfo.net\/es\/wp-json\/wp\/v2\/media?parent=1553"}],"wp:term":[{"taxonomy":"category","embeddable":true,"href":"http:\/\/montezumainfo.net\/es\/wp-json\/wp\/v2\/categories?post=1553"},{"taxonomy":"post_tag","embeddable":true,"href":"http:\/\/montezumainfo.net\/es\/wp-json\/wp\/v2\/tags?post=1553"}],"curies":[{"name":"wp","href":"https:\/\/api.w.org\/{rel}","templated":true}]}}