{"id":719,"date":"2009-07-04T08:50:18","date_gmt":"2009-07-04T14:50:18","guid":{"rendered":"http:\/\/montezumainfo.net\/?p=719"},"modified":"2011-03-14T11:32:13","modified_gmt":"2011-03-14T17:32:13","slug":"presidente-de-catumo-presenta-informe-de-labores","status":"publish","type":"post","link":"http:\/\/montezumainfo.net\/es\/presidente-de-catumo-presenta-informe-de-labores\/","title":{"rendered":"Presidente de CaTuMo presenta informe de labores"},"content":{"rendered":"<p id=\"top\" \/><em>El siguiente es el informe de labores presentado por Antonio Vallese, presidente de CaTuMo, durante la tercera asamblea general la cual se llev\u00f3 a cabo recientemente en Montezuma.<\/em><\/p>\n<p><img loading=\"lazy\" decoding=\"async\" class=\"alignright size-full wp-image-723\" title=\"Martin Pe\u00f1a\" src=\"http:\/\/montezumainfo.net\/wp-content\/uploads\/2009\/07\/martinpena.jpg\" alt=\"Martin Pe\u00f1a\" width=\"300\" height=\"400\" srcset=\"http:\/\/montezumainfo.net\/wp-content\/uploads\/2009\/07\/martinpena.jpg 300w, http:\/\/montezumainfo.net\/wp-content\/uploads\/2009\/07\/martinpena-225x300.jpg 225w\" sizes=\"auto, (max-width: 300px) 100vw, 300px\" \/>Como Presidente de la Asociaci\u00f3n Pro desarrollo tur\u00edstico de Puerto Moctezuma (CaTuMo), es un placer tener la oportunidad de dirigirme a nuestros asociados en ocasi\u00f3n de esta tercera Asamblea general ordinaria.<\/p>\n<p>Deseo de todo coraz\u00f3n, que el esfuerzo que se hace desde esta Directiva, que me honro presidir, sirva para beneficio de todos. De la\u00a0 puesta en marcha de los nuevos proyectos e iniciativas\u00a0 depende que entremos en la\u00a0 competitividad tur\u00edstica de nuestras comunidad en lo que significa un futuro, ya presente, que provocar\u00e1 que no nos quedemos estancados en un pasado inmovilista.<\/p>\n<p>En la \u00faltima asamblea trazamos el camino a recorrer en v\u00edspera de las m\u00e1s grave crisis econ\u00f3mica de las \u00faltimas d\u00e9cadas y considero que aunque algunas metas se han alcanzados, todav\u00eda falta mucho trabajo por hacer, ya que Montezuma como lo hemos conocido hasta hoy probablemente cambiar\u00e1 su fisonom\u00eda, y nosotros tenemos la obligaci\u00f3n de ser parte del cambio y no espectadores pasivos como la gran mayor\u00eda de esta comunidad lamentablemente ha venido siendo.<\/p>\n<p>Voy a esbozar las metas propuestas para el pr\u00f3ximo periodo:<\/p>\n<p>1) <strong>Necesitamos mayor visibilidad no solo como localidad tur\u00edstica sino tambi\u00e9n como Pen\u00ednsula <\/strong>ya\u00a0 que es evidente el rezago con respecto a Guanacaste: carecemos de carreteras en buenas condiciones, enfrentamos problemas graves de abastecimiento de agua y la inseguridad ha venido aumentando en forma exponencial.<\/p>\n<p>2) Estamos trabajando para cambiar la forma de desaprovechar los desechos y apoyar al Concejo Municipal en la <strong>creaci\u00f3n de un centro de acopio para el manejo discriminado de los desechos s\u00f3lidos<\/strong>; hay 26.000.000 de colones destinados para este fin y la c\u00e1mara se ha unido al grupo de trabajo liderado por el se\u00f1or Ronald Arrieta de la UCR. Esto viene a reforzar el esfuerzo que, gracias a los aportes de los afiliados, hemos venido haciendo a trav\u00e9s de la labor de Jake, el cual ha vuelto a ser un importante colaborador en este sentido. Cabe destacar que el Concejo va a aplicar multas a las casas y negocios comerciales que no separen la basura. Este proceso es consecuente con la gesti\u00f3n hecha por la C\u00e1mara para que Montezuma cuente con un servicio municipal\u00a0 de recolecci\u00f3n igual que Cobano, (acuerdo un\u00e1nime CMDCS 552-2008 del 26 de noviembre del 2008) el cual se encuentra en la etapa de fijaci\u00f3n de tarifa por parte de la\u00a0 Contralor\u00eda.\u00a0<strong>Propongo una moci\u00f3n<\/strong> para que alg\u00fan asociado patrocine los basureros de Montezuma.<\/p>\n<p>3) Hablando de carreteras en mal estado, hemos tenido la suerte de reunirnos con el viceministro de transporte Pedro Castro Fernandez y altos personeros del MOPT, intercambiando oficios con el responsable de la zona de Nicoya, sin embargo es un tema excesivamente politizado y los resultados obtenidos por el distrito no son halagadores, aunque si logramos, gracias al apoyo del Intendente Municipal, que la empresa ROMASO en la persona del Ing. Oscar Suarez se viera obligada a invertir mas de 43.000.000 de colones en el lastrado y reparaci\u00f3n de las rutas 624 y 160; ahora nuestra prioridad es tratar directamente con la\u00a0 ministra de transporte Karla Gonz\u00e1lez, la cual es esperada a corto plazo en nuestra comunidad. Al respecto seria sumamente importante <strong>conformar un comit\u00e9 de caminos <\/strong>antes de la visita, para tratar de forma acertada el espinoso tema y gestionar desde ya una audiencia con la ministra. Cabe resaltar que, a pesar de la promesa hecha por el viceministro de transporte en Montezuma en noviembre del a\u00f1o pasado de cementar la cuesta, a pesar de m\u00faltiples gestiones este objetivo no se ha logrado aun, as\u00ed que decidimos ser todav\u00eda mas ambiciosos y, en una reciente reuni\u00f3n, exigimos el asfaltado de la ruta Cobano-Montezuma. Y hablando de la cuesta, ya que el Conavi no se ha hecho presente para darle mantenimiento, durante el mes de marzo de este a\u00f1o, convenimos con la empresa TIGSA de Thoren Ingals en contribuir con el 50% de los gastos para arreglarla antes de semana santa. El monto esta detallado en el informe de tesorer\u00eda.<\/p>\n<p>4) Hablando de comit\u00e9, no podemos\u00a0 obviar una realidad dolorosa: los subcomit\u00e9s que se han conformados en la ultima asamblea no han podido despegar como esperado; yo personalmente creo que todav\u00eda una cantidad relevante de vecinos no ha\u00a0podido desprenderse de una forma obsoleta de\u00a0pensar a pesar de\u00a0 vivir en una peque\u00f1a comunidad, esperando que otros lleven adelantes proyectos, o peor aun no queriendo poner a disposici\u00f3n\u00a0del pueblo una peque\u00f1a porci\u00f3n de su tiempo. Montezuma probablemente va a cambiar profundamente a corto y mediano plazo, y despu\u00e9s de dos a\u00f1os todav\u00eda hay personas que no quieren ser parte del cambio. Los insto a revisar sus agendas para buscar la forma de involucrarse en este aspecto.<\/p>\n<p>5) En el primer punto de este informe estuve mencionando la necesidad de tener mayor visibilidad como asociaci\u00f3n; parte de esta necesidad se ha colmado con la pagina Web de la C\u00e1mara: al digitar\u00a0 <strong>montezumainfo.net<\/strong>, los usuarios, visitantes, instituciones, etc., tienen la oportunidad de saber quienes somos, cuales son nuestras metas, en cuales proyectos estamos trabajando y a la vez comunicarse con nosotros. Aprovecho la ocasi\u00f3n para agradecer la colaboraci\u00f3n del socio honorario se\u00f1or Alberto \u201cTito\u201d Zevallos como webmaster y responsable del mantenimiento de la p\u00e1gina.<\/p>\n<p>6) Probablemente algunos del los presentes han sido victima del hampa en los \u00faltimos a\u00f1os. Quienes han nacido en este lugar, o quienes tenemos muchos a\u00f1os de residir en este pueblo, sabemos que la perdida de valores morales y la codicia han determinado un progresivo deterioro de la seguridad ciudadana. Y es por eso que una de las batallas mas dif\u00edciles que hemos emprendidos ha sido la de volver a tener presencia policial en Montezuma, lo cual ha tenido para nosotros un sabor agridulce: por un lado hemos revertido una posici\u00f3n negativa por parte del Concejo Municipal a tomar un acuerdo que nos permitiera remodelar la caseta policial acudiendo a la Contralor\u00eda General de la Republica, la cual nos dio la raz\u00f3n, por el otro varias reuniones con Jefes del Ministerio de Gobernaci\u00f3n, sea polic\u00eda de proximidad o Tur\u00edstica en los \u00faltimos 12 meses no ha producido el efecto esperado que es de contar con dos polic\u00edas fijos en Montezuma como en el pasado. La carencia de efectivos nos impide estrenar la caseta policial remodelada gracias a los aportes de los afiliados y del se\u00f1or Thoren Ingalls y es por eso que vamos a solicitar una audiencia con la ministra de gobernaci\u00f3n.<\/p>\n<p>7) Hablando de cambios, es sabido que el ICT junto con la empresa Ecoplan han venido elaborando el Plan regulador Integral Cabuya Montezuma; dicho plan\u00a0se encuentra terminado en su primera etapa y se puede tener acceso a ello visitando la pagina oficial del ICT el cual lo aprob\u00f3 hace poco y la primera informaci\u00f3n se encuentra en el concejo municipal tambi\u00e9n para que cualquier persona interesada pueda inclusive copiarlo en una llave maya;\u00a0ahora lo que sigue es la aprobaci\u00f3n por parte del INVU, donde se encuentra actualmente. Es un plan que obviamente necesita de ajustes y correcciones, sin embargo es un gran avance para que los arrendatarios puedan, una vez aprobado definitivamente e implementado por la Municipalidad, solicitar la concesi\u00f3n en la zona restringida y as\u00ed ponerse a derecho y no seguir en esta situaci\u00f3n de incertidumbre jur\u00eddica. Esta c\u00e1mara se ha dado la tarea de estar presente en el proceso desde el comienzo, participando a reuniones con la Municipalidad y un taller en San Jos\u00e9 en la oficina de planeamiento del ICT. No es casual que en una reuni\u00f3n celebrada hace un par de semanas en Santa Teresa en la cual participaron el ministro de Turismo y alto personeros del ICT, la c\u00e1mara de Montezuma haya sido la \u00fanica en tratar acertadamente el tema, solicitando una reuni\u00f3n en Montezuma, a la cual confirmaron participaci\u00f3n la asesora del ministro de Turismo y el director regional del ICT de Puntarenas. Dicha reuni\u00f3n tendr\u00e1\u00a0 lugar en la primera semana de junio y cabe resaltar que no es una audiencia p\u00fablica, sino la continuaci\u00f3n del proceso iniciado hace casi un a\u00f1o.<\/p>\n<p>A este prop\u00f3sito quisiera externar la posici\u00f3n oficial de esta asociaci\u00f3n con respecto a las posibles demoliciones en la zona p\u00fablica.<\/p>\n<p>Como\u00a0resaltado en una carta enviada a la Contralor\u00eda el pasado 20 de noviembre en la\u00a0cual nos mostramos preocupados por el futuro de Montezuma a causa de las posibles demoliciones, los que conformamos la junta directiva, creemos en la importancia trascendental de las leyes, puesto que las mismas son creadas con el objetivo de que una sociedad viva y se desarrolle en orden, paz y armon\u00eda. Sin embargo creemos tambi\u00e9n que la l\u00f3gica y el sentido com\u00fan tengan que prevalecer en esta peculiar circunstancia, y es por eso es que entre varias peticiones que les hemos hecho llegar al gobierno a trav\u00e9s del ministro de Turismo, se encuentra la de aplazar y posiblemente suspender las demoliciones hasta tanto no est\u00e9 implementado el Plan Regulador para poder levantar pronto las obras comunales que necesitamos as\u00ed como\u00a0 negocios comerciales tan importantes para atender convenientemente el turismo que llega a visitar nuestra comunidad. Estamos a la espera de una respuesta por parte del departamento legal del ICT.<\/p>\n<p>8)\u00a0Quisiera agregar que la asociaci\u00f3n se encuentra totalmente legalizada\u00a0con los libros al d\u00eda, inscrita en tributaci\u00f3n, con un contador que lleva la contabilidad. Los libros de junta directiva con todas las sesiones transcritas est\u00e1n disponibles para\u00a0 quien desee conocer los temas y acuerdos tomados en la reuniones semanales de la junta directiva.<\/p>\n<p>Por \u00faltimo, pero no menos importante, creemos que una de las gestiones mas exitosas de esta junta ha sido la de solicitar y obtener, con el apoyo del se\u00f1or intendente municipal y de los se\u00f1ores regidores, la construcci\u00f3n de alcantarillado sobre la quebrada que pasa a lado de la plaza de deportes y\u00a0 la Do\u00f1a Blanca, conocida como la \u201cpoza de Guarito\u201d, donde se colocaron tubos de acero de 1.50 mts. de di\u00e1metro por 6 metros de largo con cabezales de concreto, que permitir\u00e1n un adecuado transito para los habitantes y turistas de Montezuma en la \u00e9poca de lluvia y que tuvieron un costo de $9.000 totalmente a cargo del Concejo Municipal de Distrito. Esta gesti\u00f3n se inici\u00f3 hace un a\u00f1o y se logr\u00f3 incluir el gasto en el Presupuesto\u00a0 Ordinario del 2009.<\/p>","protected":false},"excerpt":{"rendered":"<p>El siguiente es el informe de labores presentado por Antonio Vallese, presidente de CaTuMo, durante la tercera asamblea general la cual se llev\u00f3 a cabo recientemente en Montezuma. Como Presidente de la Asociaci\u00f3n Pro desarrollo tur\u00edstico de Puerto Moctezuma (CaTuMo), es un placer tener la oportunidad de dirigirme a nuestros asociados en ocasi\u00f3n de esta [&hellip;]<\/p>\n","protected":false},"author":30,"featured_media":0,"comment_status":"closed","ping_status":"open","sticky":false,"template":"","format":"standard","meta":{"footnotes":""},"categories":[6],"tags":[],"class_list":["post-719","post","type-post","status-publish","format-standard","hentry","category-noticias"],"aioseo_notices":[],"_links":{"self":[{"href":"http:\/\/montezumainfo.net\/es\/wp-json\/wp\/v2\/posts\/719","targetHints":{"allow":["GET"]}}],"collection":[{"href":"http:\/\/montezumainfo.net\/es\/wp-json\/wp\/v2\/posts"}],"about":[{"href":"http:\/\/montezumainfo.net\/es\/wp-json\/wp\/v2\/types\/post"}],"author":[{"embeddable":true,"href":"http:\/\/montezumainfo.net\/es\/wp-json\/wp\/v2\/users\/30"}],"replies":[{"embeddable":true,"href":"http:\/\/montezumainfo.net\/es\/wp-json\/wp\/v2\/comments?post=719"}],"version-history":[{"count":8,"href":"http:\/\/montezumainfo.net\/es\/wp-json\/wp\/v2\/posts\/719\/revisions"}],"predecessor-version":[{"id":1067,"href":"http:\/\/montezumainfo.net\/es\/wp-json\/wp\/v2\/posts\/719\/revisions\/1067"}],"wp:attachment":[{"href":"http:\/\/montezumainfo.net\/es\/wp-json\/wp\/v2\/media?parent=719"}],"wp:term":[{"taxonomy":"category","embeddable":true,"href":"http:\/\/montezumainfo.net\/es\/wp-json\/wp\/v2\/categories?post=719"},{"taxonomy":"post_tag","embeddable":true,"href":"http:\/\/montezumainfo.net\/es\/wp-json\/wp\/v2\/tags?post=719"}],"curies":[{"name":"wp","href":"https:\/\/api.w.org\/{rel}","templated":true}]}}