{"id":891,"date":"2010-12-17T11:20:46","date_gmt":"2010-12-17T17:20:46","guid":{"rendered":"http:\/\/montezumainfo.net\/?p=891"},"modified":"2012-10-29T15:16:25","modified_gmt":"2012-10-29T21:16:25","slug":"avances-en-proyecto-vial-cobano-montezuma","status":"publish","type":"post","link":"http:\/\/montezumainfo.net\/es\/avances-en-proyecto-vial-cobano-montezuma\/","title":{"rendered":"Informe del Presidente de CaTuMo: Avances en proyecto vial C\u00f3bano-Montezuma"},"content":{"rendered":"<p id=\"top\" \/>Con respecto al proyecto de esta Asociaci\u00f3n en conjunto con el CONAVI, me permito aclarar que el mismo sigue en pie: despu\u00e9s de que el CONAVI descartara utilizar el material (lastre) ofrecido por la C\u00e1mara y decidiera inclinarse por lo del Quebrador Manchester, el se\u00f1or Ing.  Miguel Arroyo Murillo, director a.i. regional Guanacaste, nos ha comunicado que el dise\u00f1o del proyecto \u201cya sali\u00f3\u201d. El ingeniero esta gestionando tambi\u00e9n el arreglo de la Ruta 160 Paquera-C\u00f3bano, as\u00ed  esperemos que lo prometido se ejecute por el bienestar de los que a diario transitamos por la \u201ccuesta de Montezuma\u201d y para recibir de la mejor forma los turistas nacionales y extranjeros.<\/p>\n<p>No omito externar mi incomodidad por el atraso de este proyecto por el cual he trabajado fuertemente, llevando las inquietudes de los vecinos y afiliados hasta la oficina de la direcci\u00f3n ejecutiva del CONAVI en San Jos\u00e9, recibidas por el jefe de despacho se\u00f1or Oscar Benavides.<\/p>\n<p>Aprovecho la ocasi\u00f3n para comentar que el se\u00f1or Romano Cruz, vicepresidente de la Asociaci\u00f3n, ha decidido donar a la C\u00e1mara el lastre no utilizado, que dicho sea de paso es de buena calidad ya que es el mismo que se utiliz\u00f3 hace muchos a\u00f1os para la base del camino a Las Delicias, el cual est\u00e1 a la venta al costo de \u00a2100,000 \u201cla vagoneta\u201d. Lo que se recaude servir\u00e1 para auto-financiar la Asociaci\u00f3n para la puesta en marcha de varios proyectos incluyendo la compra e instalaci\u00f3n de m\u00e1s basureros en diferentes puntos del pueblo, as\u00ed como la contrataci\u00f3n de un trabajador que se encargue de la limpieza, recolecci\u00f3n y reciclaje de la basura.<\/p>\n<p lang=\"it-IT\"><span style=\"font-family: Century, serif;\">P\/ CATUMO<br \/>\n<\/span><span style=\"font-family: Century, serif;\">Antonio Vallese<br \/>\n<\/span><span style=\"font-family: Century, serif;\">Presidente<\/span><\/p>","protected":false},"excerpt":{"rendered":"<p>Con respecto al proyecto de esta Asociaci\u00f3n en conjunto con el CONAVI, me permito aclarar que el mismo sigue en pie: despu\u00e9s de que el CONAVI descartara utilizar el material (lastre) ofrecido por la C\u00e1mara y decidiera inclinarse por lo del Quebrador Manchester, el se\u00f1or Ing. Miguel Arroyo Murillo, director a.i. regional Guanacaste, nos ha [&hellip;]<\/p>\n","protected":false},"author":30,"featured_media":0,"comment_status":"closed","ping_status":"open","sticky":false,"template":"","format":"standard","meta":{"footnotes":""},"categories":[6],"tags":[],"class_list":["post-891","post","type-post","status-publish","format-standard","hentry","category-noticias"],"aioseo_notices":[],"_links":{"self":[{"href":"http:\/\/montezumainfo.net\/es\/wp-json\/wp\/v2\/posts\/891","targetHints":{"allow":["GET"]}}],"collection":[{"href":"http:\/\/montezumainfo.net\/es\/wp-json\/wp\/v2\/posts"}],"about":[{"href":"http:\/\/montezumainfo.net\/es\/wp-json\/wp\/v2\/types\/post"}],"author":[{"embeddable":true,"href":"http:\/\/montezumainfo.net\/es\/wp-json\/wp\/v2\/users\/30"}],"replies":[{"embeddable":true,"href":"http:\/\/montezumainfo.net\/es\/wp-json\/wp\/v2\/comments?post=891"}],"version-history":[{"count":13,"href":"http:\/\/montezumainfo.net\/es\/wp-json\/wp\/v2\/posts\/891\/revisions"}],"predecessor-version":[{"id":900,"href":"http:\/\/montezumainfo.net\/es\/wp-json\/wp\/v2\/posts\/891\/revisions\/900"}],"wp:attachment":[{"href":"http:\/\/montezumainfo.net\/es\/wp-json\/wp\/v2\/media?parent=891"}],"wp:term":[{"taxonomy":"category","embeddable":true,"href":"http:\/\/montezumainfo.net\/es\/wp-json\/wp\/v2\/categories?post=891"},{"taxonomy":"post_tag","embeddable":true,"href":"http:\/\/montezumainfo.net\/es\/wp-json\/wp\/v2\/tags?post=891"}],"curies":[{"name":"wp","href":"https:\/\/api.w.org\/{rel}","templated":true}]}}